{"id":387,"date":"2023-01-21T10:30:00","date_gmt":"2023-01-21T08:30:00","guid":{"rendered":"https:\/\/www.costablancasuomiseura.es\/uusisivu\/?p=387"},"modified":"2023-12-10T10:52:30","modified_gmt":"2023-12-10T08:52:30","slug":"toinen-galician-matka-27-31-3-2023","status":"publish","type":"post","link":"https:\/\/www.costablancasuomiseura.es\/uusisivu\/2023\/01\/21\/toinen-galician-matka-27-31-3-2023\/","title":{"rendered":"Toinen Galician matka 27.-31.3.2023"},"content":{"rendered":"\n<p>Koska ensimm\u00e4inen Galician matka 12.3. meni hetkess\u00e4 t\u00e4yteen, p\u00e4\u00e4timme tehd\u00e4 toisen samanlaisen 27.-31.3.2023.<\/p>\n\n\n\n<p><strong>Viel\u00e4 nelj\u00e4 paikka j\u00e4ljell\u00e4 (14.2.2023).<\/strong><\/p>\n\n\n\n<p><a href=\"https:\/\/costablancasuomiseura.es\/wp-content\/uploads\/2023\/01\/Matkaohjelma-ja-info-Galicia-27-31.3.2023.pdf\">Matkaohjelma ja ilmoittautumisohjeet.&nbsp;<\/a><\/p>\n\n\n\n<p>Tervetuloa mukaan!&nbsp;<\/p>\n\n\n\n<p>Mallu Ranta<\/p>\n\n\n\n<p>Suomi-Seuran matkavastaava&nbsp;<\/p>\n","protected":false},"excerpt":{"rendered":"<p>Koska ensimm\u00e4inen Galician matka 12.3. meni hetkess\u00e4 t\u00e4yteen, p\u00e4\u00e4timme tehd\u00e4 toisen samanlaisen 27.-31.3.2023. Viel\u00e4 nelj\u00e4 paikka j\u00e4ljell\u00e4 (14.2.2023). Matkaohjelma ja ilmoittautumisohjeet.&nbsp; Tervetuloa mukaan!&nbsp; Mallu Ranta Suomi-Seuran matkavastaava&nbsp; <a href=\"https:\/\/www.costablancasuomiseura.es\/uusisivu\/2023\/01\/21\/toinen-galician-matka-27-31-3-2023\/\" class=\"more-link\">&#8211; Lue &#8211; <span class=\"screen-reader-text\">Toinen Galician matka 27.-31.3.2023<\/span><\/a><\/p>\n","protected":false},"author":4,"featured_media":389,"comment_status":"closed","ping_status":"closed","sticky":false,"template":"","format":"standard","meta":{"footnotes":""},"categories":[11,1],"tags":[44,49,10,45],"class_list":["post-387","post","type-post","status-publish","format-standard","has-post-thumbnail","hentry","category-matkat","category-uutiset","tag-galicia","tag-maaliskuu-2023","tag-marysol","tag-matkaohjelma"],"post_mailing_queue_ids":[],"_links":{"self":[{"href":"https:\/\/www.costablancasuomiseura.es\/uusisivu\/wp-json\/wp\/v2\/posts\/387","targetHints":{"allow":["GET"]}}],"collection":[{"href":"https:\/\/www.costablancasuomiseura.es\/uusisivu\/wp-json\/wp\/v2\/posts"}],"about":[{"href":"https:\/\/www.costablancasuomiseura.es\/uusisivu\/wp-json\/wp\/v2\/types\/post"}],"author":[{"embeddable":true,"href":"https:\/\/www.costablancasuomiseura.es\/uusisivu\/wp-json\/wp\/v2\/users\/4"}],"replies":[{"embeddable":true,"href":"https:\/\/www.costablancasuomiseura.es\/uusisivu\/wp-json\/wp\/v2\/comments?post=387"}],"version-history":[{"count":1,"href":"https:\/\/www.costablancasuomiseura.es\/uusisivu\/wp-json\/wp\/v2\/posts\/387\/revisions"}],"predecessor-version":[{"id":388,"href":"https:\/\/www.costablancasuomiseura.es\/uusisivu\/wp-json\/wp\/v2\/posts\/387\/revisions\/388"}],"wp:featuredmedia":[{"embeddable":true,"href":"https:\/\/www.costablancasuomiseura.es\/uusisivu\/wp-json\/wp\/v2\/media\/389"}],"wp:attachment":[{"href":"https:\/\/www.costablancasuomiseura.es\/uusisivu\/wp-json\/wp\/v2\/media?parent=387"}],"wp:term":[{"taxonomy":"category","embeddable":true,"href":"https:\/\/www.costablancasuomiseura.es\/uusisivu\/wp-json\/wp\/v2\/categories?post=387"},{"taxonomy":"post_tag","embeddable":true,"href":"https:\/\/www.costablancasuomiseura.es\/uusisivu\/wp-json\/wp\/v2\/tags?post=387"}],"curies":[{"name":"wp","href":"https:\/\/api.w.org\/{rel}","templated":true}]}}