{"id":1960,"date":"2024-09-15T09:49:14","date_gmt":"2024-09-15T07:49:14","guid":{"rendered":"https:\/\/www.costablancasuomiseura.es\/uusisivu\/?p=1960"},"modified":"2024-09-15T09:49:15","modified_gmt":"2024-09-15T07:49:15","slug":"sauvakavelyryhman-syyskausi-alkaa-maanantaina-30-9-2024","status":"publish","type":"post","link":"https:\/\/www.costablancasuomiseura.es\/uusisivu\/2024\/09\/15\/sauvakavelyryhman-syyskausi-alkaa-maanantaina-30-9-2024\/","title":{"rendered":"Sauvak\u00e4velyryhm\u00e4n syyskausi alkaa maanantaina 30.9.2024"},"content":{"rendered":"\n<p>Sauvak\u00e4velyryhm\u00e4 aloittaa syyskauden maanantaina 30. syyskuuta. Ensimm\u00e4inen k\u00e4velyretki startataan La Matan hautausmaan parkkipaikalta kello 10. Hautausmaa sijaitsee osoitteessa Paraje Natural de la Mata.<\/p>\n\n\n\n<p>Varaa sauvak\u00e4velyretkelle aikaa noin kaksi tuntia, sek\u00e4 iloinen ja reipas mieli. Sauvak\u00e4velyryhm\u00e4n vet\u00e4j\u00e4n\u00e4 toimii syksyst\u00e4 alkaen Riitta Rantanen (uusi vet\u00e4j\u00e4).<\/p>\n\n\n\n<p>Tervetuloa mukavaan ryhm\u00e4\u00e4n!<\/p>\n\n\n\n<p>P.S. Sauvak\u00e4velyryhm\u00e4ll\u00e4 on oma WhatsApp-ryhm\u00e4, johon voi liitty\u00e4 vaikka heti! Ryhm\u00e4\u00e4n p\u00e4\u00e4see mukaan ottamalla yhteytt\u00e4 numeroon +358406674858.<\/p>\n","protected":false},"excerpt":{"rendered":"<p>Sauvak\u00e4velyryhm\u00e4 aloittaa syyskauden maanantaina 30. syyskuuta. Ensimm\u00e4inen k\u00e4velyretki startataan La Matan hautausmaan parkkipaikalta kello 10. Hautausmaa sijaitsee osoitteessa Paraje Natural de la Mata. Varaa sauvak\u00e4velyretkelle aikaa noin kaksi tuntia, sek\u00e4 iloinen ja reipas mieli. Sauvak\u00e4velyryhm\u00e4n vet\u00e4j\u00e4n\u00e4 toimii syksyst\u00e4 alkaen Riitta Rantanen (uusi vet\u00e4j\u00e4). Tervetuloa mukavaan ryhm\u00e4\u00e4n! P.S. Sauvak\u00e4velyryhm\u00e4ll\u00e4 on oma WhatsApp-ryhm\u00e4, johon voi liitty\u00e4 vaikka heti! Ryhm\u00e4\u00e4n p\u00e4\u00e4see mukaan ottamalla yhteytt\u00e4 numeroon +358406674858. <a href=\"https:\/\/www.costablancasuomiseura.es\/uusisivu\/2024\/09\/15\/sauvakavelyryhman-syyskausi-alkaa-maanantaina-30-9-2024\/\" class=\"more-link\">&#8211; Lue &#8211; <span class=\"screen-reader-text\">Sauvak\u00e4velyryhm\u00e4n syyskausi alkaa maanantaina 30.9.2024<\/span><\/a><\/p>\n","protected":false},"author":21,"featured_media":1388,"comment_status":"closed","ping_status":"closed","sticky":false,"template":"","format":"standard","meta":{"footnotes":""},"categories":[167,73,1],"tags":[177,176,103,178,175],"class_list":["post-1960","post","type-post","status-publish","format-standard","has-post-thumbnail","hentry","category-ajankohtaista","category-tapahtumat","category-uutiset","tag-kavely","tag-kuntoilu","tag-luonto","tag-retki","tag-sauvakavely"],"post_mailing_queue_ids":[],"_links":{"self":[{"href":"https:\/\/www.costablancasuomiseura.es\/uusisivu\/wp-json\/wp\/v2\/posts\/1960","targetHints":{"allow":["GET"]}}],"collection":[{"href":"https:\/\/www.costablancasuomiseura.es\/uusisivu\/wp-json\/wp\/v2\/posts"}],"about":[{"href":"https:\/\/www.costablancasuomiseura.es\/uusisivu\/wp-json\/wp\/v2\/types\/post"}],"author":[{"embeddable":true,"href":"https:\/\/www.costablancasuomiseura.es\/uusisivu\/wp-json\/wp\/v2\/users\/21"}],"replies":[{"embeddable":true,"href":"https:\/\/www.costablancasuomiseura.es\/uusisivu\/wp-json\/wp\/v2\/comments?post=1960"}],"version-history":[{"count":3,"href":"https:\/\/www.costablancasuomiseura.es\/uusisivu\/wp-json\/wp\/v2\/posts\/1960\/revisions"}],"predecessor-version":[{"id":1963,"href":"https:\/\/www.costablancasuomiseura.es\/uusisivu\/wp-json\/wp\/v2\/posts\/1960\/revisions\/1963"}],"wp:featuredmedia":[{"embeddable":true,"href":"https:\/\/www.costablancasuomiseura.es\/uusisivu\/wp-json\/wp\/v2\/media\/1388"}],"wp:attachment":[{"href":"https:\/\/www.costablancasuomiseura.es\/uusisivu\/wp-json\/wp\/v2\/media?parent=1960"}],"wp:term":[{"taxonomy":"category","embeddable":true,"href":"https:\/\/www.costablancasuomiseura.es\/uusisivu\/wp-json\/wp\/v2\/categories?post=1960"},{"taxonomy":"post_tag","embeddable":true,"href":"https:\/\/www.costablancasuomiseura.es\/uusisivu\/wp-json\/wp\/v2\/tags?post=1960"}],"curies":[{"name":"wp","href":"https:\/\/api.w.org\/{rel}","templated":true}]}}