{"id":1452,"date":"2024-02-28T13:54:20","date_gmt":"2024-02-28T11:54:20","guid":{"rendered":"https:\/\/www.costablancasuomiseura.es\/uusisivu\/?p=1452"},"modified":"2024-02-28T13:54:21","modified_gmt":"2024-02-28T11:54:21","slug":"kirjailija-jenni-skytta-forssellin-kirjoittamiskurssi-maaliskuussa","status":"publish","type":"post","link":"https:\/\/www.costablancasuomiseura.es\/uusisivu\/2024\/02\/28\/kirjailija-jenni-skytta-forssellin-kirjoittamiskurssi-maaliskuussa\/","title":{"rendered":"Kirjailija Jenni Skytt\u00e4-Forssellin kirjoittamiskurssi maaliskuussa"},"content":{"rendered":"\n<p>Hyvink\u00e4\u00e4l\u00e4inen kirjailija Jenni Skytt\u00e4-Forssell saapuu Costa Blanca Suomi-Seuran tiloihin vet\u00e4m\u00e4\u00e4n Pois p\u00f6yt\u00e4laatikosta -kirjoittamiskurssia maaliskuussa. Kurssin tiimoilta tavataan kolmena p\u00e4iv\u00e4n\u00e4 18.\u201320.3.2024.<\/p>\n\n\n\n<p>Skytt\u00e4-Forssell on kirjoittanut yhden runokirjan ja viisi lastenkirjaa. T\u00e4m\u00e4n kev\u00e4\u00e4n aikana n\u00e4kee p\u00e4iv\u00e4nvalon j\u00e4lleen kaksi uutta lastenkirjaa, ja ensi vuoden puolella puolestaan aikuisille suunnattu s\u00e4eromaani. H\u00e4n on toinen suositun Piirret\u00e4\u00e4n satuja iholle -konseptin luojista.<\/p>\n\n\n\n<p>Kurssi on tarkoitettu niin vasta-alkajille kuin my\u00f6s niille, jotka ovat jo kirjoittaneet tekstej\u00e4 p\u00f6yt\u00e4laatikkoon.<\/p>\n\n\n\n<p>&#8221;Voit tulla jo tehdyn tekstin kanssa, tai viel\u00e4 tyhj\u00e4n paperin. Avataan yhdess\u00e4 kirjoitusblokkeja, jos niit\u00e4 on&#8221;, kirjailija kannustaa.<\/p>\n\n\n\n<p>Kurssin tiimoilta tavataan kolme kertaa, mutta osallistua voi vaikka vain yhteenkin tapaamiseen. Jokaiselle p\u00e4iv\u00e4lle on oma teemansa:<\/p>\n\n\n\n<ul class=\"wp-block-list\">\n<li>ma 18.3.: runous<\/li>\n\n\n\n<li>ti 19.3.: proosa<\/li>\n\n\n\n<li>ke 20.3.: lastenkirjallisuus<\/li>\n<\/ul>\n\n\n\n<p>Kurssin tapaamiset j\u00e4rjestet\u00e4\u00e4n 18.\u201320.3.2024 klo 11.30\u201314.00 Suomi-Seuran kirjastossa. <strong>Kurssille ei tarvitse ilmoittautua ennakkoon, ja se on avoin my\u00f6s seuran ulkopuolisille.<\/strong><\/p>\n\n\n\n<p>Tervetuloa l\u00f6yt\u00e4m\u00e4\u00e4n kirjoittamisen kipin\u00e4!<\/p>\n","protected":false},"excerpt":{"rendered":"<p>Hyvink\u00e4\u00e4l\u00e4inen kirjailija Jenni Skytt\u00e4-Forssell saapuu Costa Blanca Suomi-Seuran tiloihin vet\u00e4m\u00e4\u00e4n Pois p\u00f6yt\u00e4laatikosta -kirjoittamiskurssia maaliskuussa. Kurssin tiimoilta tavataan kolmena p\u00e4iv\u00e4n\u00e4 18.\u201320.3.2024. Skytt\u00e4-Forssell on kirjoittanut yhden runokirjan ja viisi lastenkirjaa. T\u00e4m\u00e4n kev\u00e4\u00e4n aikana n\u00e4kee p\u00e4iv\u00e4nvalon j\u00e4lleen kaksi uutta lastenkirjaa, ja ensi vuoden puolella puolestaan aikuisille suunnattu s\u00e4eromaani. H\u00e4n on toinen suositun Piirret\u00e4\u00e4n satuja iholle -konseptin luojista. Kurssi on tarkoitettu niin vasta-alkajille kuin my\u00f6s niille, jotka ovat jo &hellip; <a href=\"https:\/\/www.costablancasuomiseura.es\/uusisivu\/2024\/02\/28\/kirjailija-jenni-skytta-forssellin-kirjoittamiskurssi-maaliskuussa\/\" class=\"more-link\">&#8211; Lue &#8211; <span class=\"screen-reader-text\">Kirjailija Jenni Skytt\u00e4-Forssellin kirjoittamiskurssi maaliskuussa<\/span><\/a><\/p>\n","protected":false},"author":22,"featured_media":1454,"comment_status":"closed","ping_status":"closed","sticky":false,"template":"","format":"standard","meta":{"footnotes":"[]"},"categories":[167,5,123,3,1],"tags":[199,196,197,198],"class_list":["post-1452","post","type-post","status-publish","format-standard","has-post-thumbnail","hentry","category-ajankohtaista","category-kirjasto","category-kurssi","category-luennot","category-uutiset","tag-jenni-skytta-forssell","tag-kirjailija","tag-kirjoittaminen","tag-kirjoittamiskurssi"],"post_mailing_queue_ids":[],"_links":{"self":[{"href":"https:\/\/www.costablancasuomiseura.es\/uusisivu\/wp-json\/wp\/v2\/posts\/1452","targetHints":{"allow":["GET"]}}],"collection":[{"href":"https:\/\/www.costablancasuomiseura.es\/uusisivu\/wp-json\/wp\/v2\/posts"}],"about":[{"href":"https:\/\/www.costablancasuomiseura.es\/uusisivu\/wp-json\/wp\/v2\/types\/post"}],"author":[{"embeddable":true,"href":"https:\/\/www.costablancasuomiseura.es\/uusisivu\/wp-json\/wp\/v2\/users\/22"}],"replies":[{"embeddable":true,"href":"https:\/\/www.costablancasuomiseura.es\/uusisivu\/wp-json\/wp\/v2\/comments?post=1452"}],"version-history":[{"count":2,"href":"https:\/\/www.costablancasuomiseura.es\/uusisivu\/wp-json\/wp\/v2\/posts\/1452\/revisions"}],"predecessor-version":[{"id":1455,"href":"https:\/\/www.costablancasuomiseura.es\/uusisivu\/wp-json\/wp\/v2\/posts\/1452\/revisions\/1455"}],"wp:featuredmedia":[{"embeddable":true,"href":"https:\/\/www.costablancasuomiseura.es\/uusisivu\/wp-json\/wp\/v2\/media\/1454"}],"wp:attachment":[{"href":"https:\/\/www.costablancasuomiseura.es\/uusisivu\/wp-json\/wp\/v2\/media?parent=1452"}],"wp:term":[{"taxonomy":"category","embeddable":true,"href":"https:\/\/www.costablancasuomiseura.es\/uusisivu\/wp-json\/wp\/v2\/categories?post=1452"},{"taxonomy":"post_tag","embeddable":true,"href":"https:\/\/www.costablancasuomiseura.es\/uusisivu\/wp-json\/wp\/v2\/tags?post=1452"}],"curies":[{"name":"wp","href":"https:\/\/api.w.org\/{rel}","templated":true}]}}