{"id":1386,"date":"2024-02-16T14:33:39","date_gmt":"2024-02-16T12:33:39","guid":{"rendered":"https:\/\/www.costablancasuomiseura.es\/uusisivu\/?p=1386"},"modified":"2024-02-16T14:33:40","modified_gmt":"2024-02-16T12:33:40","slug":"sauvakavelyryhman-kevatkausi-alkaa-maanantaina-4-maaliskuuta","status":"publish","type":"post","link":"https:\/\/www.costablancasuomiseura.es\/uusisivu\/2024\/02\/16\/sauvakavelyryhman-kevatkausi-alkaa-maanantaina-4-maaliskuuta\/","title":{"rendered":"Sauvak\u00e4velyryhm\u00e4n kev\u00e4tkausi alkaa maanantaina 4. maaliskuuta"},"content":{"rendered":"\n<p>Sauvak\u00e4velyryhm\u00e4 aloittaa kev\u00e4tkauden maanantaina 4. maaliskuuta. Ensimm\u00e4inen k\u00e4velyretki startataan La Matan hautausmaan parkkipaikalta kello 10. Hautausmaa sijaitsee osoitteessa Paraje Natural de la Mata.<\/p>\n\n\n\n<p>Varaa sauvak\u00e4velyretkelle aikaa noin kaksi tuntia, sek\u00e4 iloinen ja reipas mieli. Retki aloitetaan ja lopetetaan jumpalla. Sauvak\u00e4velyryhm\u00e4n vet\u00e4j\u00e4n\u00e4 toimii Riitta Saarelainen.<\/p>\n\n\n\n<p>Tervetuloa mukavaan ryhm\u00e4\u00e4n!<\/p>\n\n\n\n<p>P.S. Sauvak\u00e4velyryhm\u00e4ll\u00e4 on oma WhatsApp-ryhm\u00e4, johon voi liitty\u00e4 vaikka heti! Ryhm\u00e4\u00e4n p\u00e4\u00e4see mukaan ottamalla yhteytt\u00e4 numeroon +358406674858.<\/p>\n","protected":false},"excerpt":{"rendered":"<p>Sauvak\u00e4velyryhm\u00e4 aloittaa kev\u00e4tkauden maanantaina 4. maaliskuuta. Ensimm\u00e4inen k\u00e4velyretki startataan La Matan hautausmaan parkkipaikalta kello 10. Hautausmaa sijaitsee osoitteessa Paraje Natural de la Mata. Varaa sauvak\u00e4velyretkelle aikaa noin kaksi tuntia, sek\u00e4 iloinen ja reipas mieli. Retki aloitetaan ja lopetetaan jumpalla. Sauvak\u00e4velyryhm\u00e4n vet\u00e4j\u00e4n\u00e4 toimii Riitta Saarelainen. Tervetuloa mukavaan ryhm\u00e4\u00e4n! P.S. Sauvak\u00e4velyryhm\u00e4ll\u00e4 on oma WhatsApp-ryhm\u00e4, johon voi liitty\u00e4 vaikka heti! Ryhm\u00e4\u00e4n p\u00e4\u00e4see mukaan ottamalla yhteytt\u00e4 numeroon +358406674858. <a href=\"https:\/\/www.costablancasuomiseura.es\/uusisivu\/2024\/02\/16\/sauvakavelyryhman-kevatkausi-alkaa-maanantaina-4-maaliskuuta\/\" class=\"more-link\">&#8211; Lue &#8211; <span class=\"screen-reader-text\">Sauvak\u00e4velyryhm\u00e4n kev\u00e4tkausi alkaa maanantaina 4. maaliskuuta<\/span><\/a><\/p>\n","protected":false},"author":22,"featured_media":1388,"comment_status":"closed","ping_status":"closed","sticky":false,"template":"","format":"standard","meta":{"footnotes":""},"categories":[167,73,1],"tags":[177,176,103,178,175],"class_list":["post-1386","post","type-post","status-publish","format-standard","has-post-thumbnail","hentry","category-ajankohtaista","category-tapahtumat","category-uutiset","tag-kavely","tag-kuntoilu","tag-luonto","tag-retki","tag-sauvakavely"],"post_mailing_queue_ids":[],"_links":{"self":[{"href":"https:\/\/www.costablancasuomiseura.es\/uusisivu\/wp-json\/wp\/v2\/posts\/1386","targetHints":{"allow":["GET"]}}],"collection":[{"href":"https:\/\/www.costablancasuomiseura.es\/uusisivu\/wp-json\/wp\/v2\/posts"}],"about":[{"href":"https:\/\/www.costablancasuomiseura.es\/uusisivu\/wp-json\/wp\/v2\/types\/post"}],"author":[{"embeddable":true,"href":"https:\/\/www.costablancasuomiseura.es\/uusisivu\/wp-json\/wp\/v2\/users\/22"}],"replies":[{"embeddable":true,"href":"https:\/\/www.costablancasuomiseura.es\/uusisivu\/wp-json\/wp\/v2\/comments?post=1386"}],"version-history":[{"count":3,"href":"https:\/\/www.costablancasuomiseura.es\/uusisivu\/wp-json\/wp\/v2\/posts\/1386\/revisions"}],"predecessor-version":[{"id":1390,"href":"https:\/\/www.costablancasuomiseura.es\/uusisivu\/wp-json\/wp\/v2\/posts\/1386\/revisions\/1390"}],"wp:featuredmedia":[{"embeddable":true,"href":"https:\/\/www.costablancasuomiseura.es\/uusisivu\/wp-json\/wp\/v2\/media\/1388"}],"wp:attachment":[{"href":"https:\/\/www.costablancasuomiseura.es\/uusisivu\/wp-json\/wp\/v2\/media?parent=1386"}],"wp:term":[{"taxonomy":"category","embeddable":true,"href":"https:\/\/www.costablancasuomiseura.es\/uusisivu\/wp-json\/wp\/v2\/categories?post=1386"},{"taxonomy":"post_tag","embeddable":true,"href":"https:\/\/www.costablancasuomiseura.es\/uusisivu\/wp-json\/wp\/v2\/tags?post=1386"}],"curies":[{"name":"wp","href":"https:\/\/api.w.org\/{rel}","templated":true}]}}