{"id":1307,"date":"2024-02-10T10:33:11","date_gmt":"2024-02-10T08:33:11","guid":{"rendered":"https:\/\/www.costablancasuomiseura.es\/uusisivu\/?p=1307"},"modified":"2024-02-10T10:33:12","modified_gmt":"2024-02-10T08:33:12","slug":"museo-de-bellas-artes-de-valencia","status":"publish","type":"post","link":"https:\/\/www.costablancasuomiseura.es\/uusisivu\/2024\/02\/10\/museo-de-bellas-artes-de-valencia\/","title":{"rendered":"Museo de Bellas Artes de Val\u00e8ncia"},"content":{"rendered":"\n<p>Tammikuisella matkalla Torreviejaan poikkesin samalla my\u00f6s Valenciassa yhdess\u00e4 Espanjan suurimmista taidegallerioista.&nbsp;<\/p>\n\n\n\n<p>Mit\u00e4 sitten kyseisell\u00e4 taidegallerialla on tarjota? Paikasta l\u00f6ytyy teoksia 1400-luvulta alkaen, mm&nbsp;Joaqu\u00edn Sorolla,&nbsp;Francisco de Goya&nbsp;\u2013 aina&nbsp;nykytaiteeseen asti.&nbsp;Kohteessa on kolme eri n\u00e4yttelytilaa, joista sis\u00e4\u00e4n tultaessa suoraan edess\u00e4 (vihre\u00e4ll\u00e4 alueella) on lukuisia eri teoksia 1400\u20131600-luvuilta.<\/p>\n\n\n\n<p>Aikaa tuonne kannattaa varata \u2013 itsell\u00e4ni meni pari tuntia l\u00e4pik\u00e4ydess\u00e4 eri tilat (kahdessa eri kerroksessa). Kohteessa saa valokuvata, mutta ilman salamavaloa.<\/p>\n\n\n\n<p>Mik\u00e4li omat ev\u00e4\u00e4t j\u00e4iv\u00e4t matkasta, tai juominen p\u00e4\u00e4si loppumaan, katutasossa on taukotila josta l\u00f6ytyy v\u00e4lipala- ja juoma-automaatti.&nbsp;<\/p>\n\n\n\n<p>Sis\u00e4\u00e4np\u00e4\u00e4sy on ilmainen ja galleria on auki ti-su kl 10-20 (maanantait suljettu). Galleriaan p\u00e4\u00e4see my\u00f6s sis\u00e4\u00e4nk\u00e4ynnin sivusta py\u00f6r\u00e4tuolilla.<\/p>\n\n\n\n<p>Lentoasemalta tullessa p\u00e4\u00e4set parhaiten metrolla (linjat 3, 5). J\u00e4\u00e4 pois asemalla Alameda ja poistu ulos suuntaan&nbsp;Paseo Ciudadela. T\u00e4st\u00e4 on matkaa k\u00e4vellen vajaa kilometri.<\/p>\n\n\n\n<p>Hankkimalla etuk\u00e4teen Valencian turistikortin p\u00e4\u00e4set mm matkustamaan julkisessa liikenteess\u00e4 (my\u00f6s lentokent\u00e4lt\u00e4 keskustaan). Vuorokauden turistikortti maksoi tuolloin tammikuussa 13,50\u20ac alennuksen kanssa.<\/p>\n\n\n\n<p>L\u00e4hde visitvalencia.com, oma kuva-albumi<\/p>\n\n\n\n<p>Teksti Petri Salin, kuva Ari Hakkarainen<\/p>\n","protected":false},"excerpt":{"rendered":"<p>Tammikuisella matkalla Torreviejaan poikkesin samalla my\u00f6s Valenciassa yhdess\u00e4 Espanjan suurimmista taidegallerioista.&nbsp; Mit\u00e4 sitten kyseisell\u00e4 taidegallerialla on tarjota? Paikasta l\u00f6ytyy teoksia 1400-luvulta alkaen, mm&nbsp;Joaqu\u00edn Sorolla,&nbsp;Francisco de Goya&nbsp;\u2013 aina&nbsp;nykytaiteeseen asti.&nbsp;Kohteessa on kolme eri n\u00e4yttelytilaa, joista sis\u00e4\u00e4n tultaessa suoraan edess\u00e4 (vihre\u00e4ll\u00e4 alueella) on lukuisia eri teoksia 1400\u20131600-luvuilta. Aikaa tuonne kannattaa varata \u2013 itsell\u00e4ni meni pari tuntia l\u00e4pik\u00e4ydess\u00e4 eri tilat (kahdessa eri kerroksessa). Kohteessa saa valokuvata, mutta ilman salamavaloa. &hellip; <a href=\"https:\/\/www.costablancasuomiseura.es\/uusisivu\/2024\/02\/10\/museo-de-bellas-artes-de-valencia\/\" class=\"more-link\">&#8211; Lue &#8211; <span class=\"screen-reader-text\">Museo de Bellas Artes de Val\u00e8ncia<\/span><\/a><\/p>\n","protected":false},"author":21,"featured_media":1312,"comment_status":"closed","ping_status":"closed","sticky":false,"template":"","format":"standard","meta":{"footnotes":""},"categories":[11],"tags":[162,125,163,51,161],"class_list":["post-1307","post","type-post","status-publish","format-standard","has-post-thumbnail","hentry","category-matkat","tag-taidemuseo","tag-tammikuu-2024","tag-turistikortti","tag-uusi-costa-blanca","tag-valencia"],"post_mailing_queue_ids":[],"_links":{"self":[{"href":"https:\/\/www.costablancasuomiseura.es\/uusisivu\/wp-json\/wp\/v2\/posts\/1307","targetHints":{"allow":["GET"]}}],"collection":[{"href":"https:\/\/www.costablancasuomiseura.es\/uusisivu\/wp-json\/wp\/v2\/posts"}],"about":[{"href":"https:\/\/www.costablancasuomiseura.es\/uusisivu\/wp-json\/wp\/v2\/types\/post"}],"author":[{"embeddable":true,"href":"https:\/\/www.costablancasuomiseura.es\/uusisivu\/wp-json\/wp\/v2\/users\/21"}],"replies":[{"embeddable":true,"href":"https:\/\/www.costablancasuomiseura.es\/uusisivu\/wp-json\/wp\/v2\/comments?post=1307"}],"version-history":[{"count":3,"href":"https:\/\/www.costablancasuomiseura.es\/uusisivu\/wp-json\/wp\/v2\/posts\/1307\/revisions"}],"predecessor-version":[{"id":1314,"href":"https:\/\/www.costablancasuomiseura.es\/uusisivu\/wp-json\/wp\/v2\/posts\/1307\/revisions\/1314"}],"wp:featuredmedia":[{"embeddable":true,"href":"https:\/\/www.costablancasuomiseura.es\/uusisivu\/wp-json\/wp\/v2\/media\/1312"}],"wp:attachment":[{"href":"https:\/\/www.costablancasuomiseura.es\/uusisivu\/wp-json\/wp\/v2\/media?parent=1307"}],"wp:term":[{"taxonomy":"category","embeddable":true,"href":"https:\/\/www.costablancasuomiseura.es\/uusisivu\/wp-json\/wp\/v2\/categories?post=1307"},{"taxonomy":"post_tag","embeddable":true,"href":"https:\/\/www.costablancasuomiseura.es\/uusisivu\/wp-json\/wp\/v2\/tags?post=1307"}],"curies":[{"name":"wp","href":"https:\/\/api.w.org\/{rel}","templated":true}]}}